{"id":17478,"date":"2023-01-22T22:55:33","date_gmt":"2023-01-22T22:55:33","guid":{"rendered":"https:\/\/lapalmita-lapalma.com\/?p=17478"},"modified":"2023-06-08T14:27:32","modified_gmt":"2023-06-08T14:27:32","slug":"winter-op-la-palma-en-het-lang-verwachte-nieuwe-decreto","status":"publish","type":"post","link":"https:\/\/lapalmita-lapalma.com\/nl\/winter-op-la-palma-en-het-lang-verwachte-nieuwe-decreto\/","title":{"rendered":"Winter op La Palma en het lang verwachte nieuwe decreto."},"content":{"rendered":"\n<p>Brrrr het is maar fris, de afgelopen dagen. Zelfs in Argual, waar ons huurhuis staat met uitzicht vanaf 250 mtr hoogte op het strand van Tazacorte (waar de toeristen overigens gewoon op hun handdoekje in de zon liggen) is het fris als de zon niet schijnt. Daarom zijn we vanmiddag maar even op de scooter afgezakt naar beneden om een \u2018ap\u00e9ro\u2019 te drinken. <\/p>\n\n\n\n<p>Vrijdagavond had ik \u2018ladies night\u2019 met een aantal vriendinnen. Doen we om de paar weken, meestal op een terras maar deze keer bij \u00e9\u00e9n van de dames thuis in Tendi\u00f1a, tussen Los Llanos en El Paso. Karel wilde mij wel wegbrengen, zodat ik een glaasje (meer) kon drinken. Dat aanbod nam ik graag aan. Totdat ik hoorde dat ik achterop de scooter moest, want hij reed dan meteen door naar El Paso, waar op vrijdagavond in bar Atico \u2018open stage\u2019 avonden zijn. Lekker improviseren voor ieder die dat wil zeg maar, meestal leuk en gezellig. Nou ik heb vriendelijk bedankt. Steenkoud op dat ding, er stond een harde wind en in het donker de berg omhoog dat zag ik niet zitten. En dan ook nog een helm op waardoor mijn \u2018coupe\u2019 naar de filistijnen zou gaan, liever niet. Ik kon me gelukkig op laten halen door 2 ladies uit Tazacorte die toch zo ongeveer langs ons huis kwamen. Karel vond het maar gezeur van mij, \u2018wat doe je nou moeilijk over zo\u2019n helm, en koud, zwaar overdreven\u2019. Maar mijn collega ladies waren het met me eens en vroegen zich af of Karel wel helemaal lekker was \ud83d\ude1c\ud83d\ude02.<\/p>\n\n\n\n<p>Ok, ik dramatiseer het een beetje. Ik wil maar zeggen dat een fijn klimaat heel snel went en de &#8216;persoonlijke koudegrens&#8217; past zich dan ook rap aan. Maar het is hier altijd nog honderd keer beter dan in Nederland. Dit laatste moest ik er overigens bij schrijven van Karel, anders komt er straks geen mens meer naar La Palma, vreest hij \ud83d\ude09.<\/p>\n\n\n\n<p>Intussen is de architect zich aan het verdiepen in het bouwsysteem waar we zeer waarschijnlijk voor kiezen en wachten we zijn eerste plan af. We hebben zelf zeer duidelijke idee\u00ebn over ons nieuwe huis en met dat in het achterhoofd gaat hij aan de slag. Eerlijk gezegd was het eerste ontwerp ons al toegezegd voor afgelopen week, maar alla. Morgenochtend gaan we maar eens langs bij hem om te zien hoe de vlag erbij hangt. En dinsdag gaan we opnieuw naar Tenerife om daar een huis te bekijken van de betreffende bouwer. Hij start in februari met de eerste huizen op La Palma, maar we willen graag al wat eerder iets zien.<\/p>\n\n\n\n<p>En deze week is dan de \u2018borrador\u2019, het concept, van het nieuwe, lang verwachte tweede decreto voor de vulkaanslachtoffers bekend geworden. Het zijn 23 pagina\u2019s tekst die ik getracht heb door te worstelen. De twee punten die eruit sprongen wat ons betreft waren dat we een stuk grond aangeboden krijgen om een nieuw huis te bouwen. Maar dat dit (veel) kleiner zal zijn dan wat we hadden (we hadden 6.000m2). Dit wisten we al, maar als we dit stuk grond accepteren, moeten we afstand doen van het recht op onze eigen grond. Ook mag dit nieuwe stuk grond 10 jaar lang niet van eigenaar wisselen. Daarnaast horen we geruchten dat als we onteigend worden, er dan een prijs in de orde van grootte van 0,60\u20ac\/m2 betaald zal worden, gebaseerd op een wet die nog uit de Franco-tijd stamt. Als dat klopt, dan is het wachten op de eerste protesten en claims, waar wij ons dan vanzelfsprekend bij aansluiten!<\/p>\n\n\n\n<p>Maar wij hebben intussen dus sowieso ons eigen plan al getrokken wat betreft bouwen, evenals diverse anderen die hun huis verloren hebben. We moeten daarom eens goed nadenken wat wijsheid is met betrekking tot onze ondergelopen grond. Als je aan de rand van de coladas zit met je grond, dan kun je er misschien nog wat mee. Maar onze grond ligt vrijwel direct onder de nieuwe vullkaan, zo\u2019n beetje in het midden van de coladas, met 50 mtr dikke lava boven op ons terrein. En voordat dat een beetje afgekoeld en toegankelijk is&#8230;. Dat gaan wij in ons leven niet meer meemaken. Het laatste woord zal er nog niet over gesproken zijn. Binnenkort wordt er een aantal info-avonden georganiseerd, die zullen druk bezocht worden. Wij melden ons aan in ieder geval.<\/p>\n","protected":false},"excerpt":{"rendered":"<p>Brrrr het is maar fris, de afgelopen dagen. Zelfs in Argual, waar ons huurhuis staat met uitzicht vanaf 250 mtr [&hellip;]<\/p>\n","protected":false},"author":3,"featured_media":0,"comment_status":"open","ping_status":"closed","sticky":false,"template":"","format":"standard","meta":{"_uag_custom_page_level_css":"","site-sidebar-layout":"default","site-content-layout":"","ast-site-content-layout":"default","site-content-style":"default","site-sidebar-style":"default","ast-global-header-display":"","ast-banner-title-visibility":"","ast-main-header-display":"","ast-hfb-above-header-display":"","ast-hfb-below-header-display":"","ast-hfb-mobile-header-display":"","site-post-title":"","ast-breadcrumbs-content":"","ast-featured-img":"","footer-sml-layout":"","ast-disable-related-posts":"","theme-transparent-header-meta":"","adv-header-id-meta":"","stick-header-meta":"","header-above-stick-meta":"","header-main-stick-meta":"","header-below-stick-meta":"","astra-migrate-meta-layouts":"default","ast-page-background-enabled":"default","ast-page-background-meta":{"desktop":{"background-color":"var(--ast-global-color-4)","background-image":"","background-repeat":"repeat","background-position":"center center","background-size":"auto","background-attachment":"scroll","background-type":"","background-media":"","overlay-type":"","overlay-color":"","overlay-opacity":"","overlay-gradient":""},"tablet":{"background-color":"","background-image":"","background-repeat":"repeat","background-position":"center center","background-size":"auto","background-attachment":"scroll","background-type":"","background-media":"","overlay-type":"","overlay-color":"","overlay-opacity":"","overlay-gradient":""},"mobile":{"background-color":"","background-image":"","background-repeat":"repeat","background-position":"center center","background-size":"auto","background-attachment":"scroll","background-type":"","background-media":"","overlay-type":"","overlay-color":"","overlay-opacity":"","overlay-gradient":""}},"ast-content-background-meta":{"desktop":{"background-color":"var(--ast-global-color-5)","background-image":"","background-repeat":"repeat","background-position":"center center","background-size":"auto","background-attachment":"scroll","background-type":"","background-media":"","overlay-type":"","overlay-color":"","overlay-opacity":"","overlay-gradient":""},"tablet":{"background-color":"var(--ast-global-color-5)","background-image":"","background-repeat":"repeat","background-position":"center center","background-size":"auto","background-attachment":"scroll","background-type":"","background-media":"","overlay-type":"","overlay-color":"","overlay-opacity":"","overlay-gradient":""},"mobile":{"background-color":"var(--ast-global-color-5)","background-image":"","background-repeat":"repeat","background-position":"center center","background-size":"auto","background-attachment":"scroll","background-type":"","background-media":"","overlay-type":"","overlay-color":"","overlay-opacity":"","overlay-gradient":""}},"footnotes":""},"categories":[138,73,69,106,72],"tags":[74,75,76],"class_list":["post-17478","post","type-post","status-publish","format-standard","hentry","category-bouwen-op-la-palma","category-divers","category-la-palma","category-vulkaanuitbarsting","category-vulkaanuitbarsting-la-palma","tag-canarische-eilanden","tag-la-palma","tag-vulkaanuitbarsting"],"yoast_head":"<!-- This site is optimized with the Yoast SEO plugin v27.4 - https:\/\/yoast.com\/product\/yoast-seo-wordpress\/ -->\n<title>Winter op La Palma en het lang verwachte nieuwe decreto<\/title>\n<meta name=\"description\" content=\"En deze week is dan de \u2018borrador\u2019, het concept, van het nieuwe, lang verwachte tweede decreto voor de vulkaanslachtoffers bekend geworden.\" \/>\n<meta name=\"robots\" content=\"index, follow, max-snippet:-1, max-image-preview:large, max-video-preview:-1\" \/>\n<link rel=\"canonical\" href=\"https:\/\/lapalmita-lapalma.com\/nl\/winter-op-la-palma-en-het-lang-verwachte-nieuwe-decreto\/\" \/>\n<meta property=\"og:locale\" content=\"nl_NL\" \/>\n<meta property=\"og:type\" content=\"article\" \/>\n<meta property=\"og:title\" content=\"Winter op La Palma en het lang verwachte nieuwe decreto\" \/>\n<meta property=\"og:description\" content=\"En deze week is dan de \u2018borrador\u2019, het concept, van het nieuwe, lang verwachte tweede decreto voor de vulkaanslachtoffers bekend geworden.\" \/>\n<meta property=\"og:url\" content=\"https:\/\/lapalmita-lapalma.com\/nl\/winter-op-la-palma-en-het-lang-verwachte-nieuwe-decreto\/\" \/>\n<meta property=\"og:site_name\" content=\"La Palmita La Palma - Penthouse-appartement met groot dakterras en panoramisch uitzicht\" \/>\n<meta property=\"article:published_time\" content=\"2023-01-22T22:55:33+00:00\" \/>\n<meta property=\"article:modified_time\" content=\"2023-06-08T14:27:32+00:00\" \/>\n<meta name=\"author\" content=\"Marja Vermeulen\" \/>\n<meta name=\"twitter:card\" content=\"summary_large_image\" \/>\n<meta name=\"twitter:creator\" content=\"@itlapalma\" \/>\n<meta name=\"twitter:label1\" content=\"Geschreven door\" \/>\n\t<meta name=\"twitter:data1\" content=\"Marja Vermeulen\" \/>\n\t<meta name=\"twitter:label2\" content=\"Geschatte leestijd\" \/>\n\t<meta name=\"twitter:data2\" content=\"4 minuten\" \/>\n<script type=\"application\/ld+json\" class=\"yoast-schema-graph\">{\"@context\":\"https:\\\/\\\/schema.org\",\"@graph\":[{\"@type\":\"Article\",\"@id\":\"https:\\\/\\\/lapalmita-lapalma.com\\\/nl\\\/winter-op-la-palma-en-het-lang-verwachte-nieuwe-decreto\\\/#article\",\"isPartOf\":{\"@id\":\"https:\\\/\\\/lapalmita-lapalma.com\\\/nl\\\/winter-op-la-palma-en-het-lang-verwachte-nieuwe-decreto\\\/\"},\"author\":{\"name\":\"Marja Vermeulen\",\"@id\":\"https:\\\/\\\/lapalmita-lapalma.com\\\/nl\\\/#\\\/schema\\\/person\\\/7a5f50ead8fa90a35a4c56d48f6370cf\"},\"headline\":\"Winter op La Palma en het lang verwachte nieuwe decreto.\",\"datePublished\":\"2023-01-22T22:55:33+00:00\",\"dateModified\":\"2023-06-08T14:27:32+00:00\",\"mainEntityOfPage\":{\"@id\":\"https:\\\/\\\/lapalmita-lapalma.com\\\/nl\\\/winter-op-la-palma-en-het-lang-verwachte-nieuwe-decreto\\\/\"},\"wordCount\":732,\"commentCount\":5,\"publisher\":{\"@id\":\"https:\\\/\\\/lapalmita-lapalma.com\\\/nl\\\/#organization\"},\"keywords\":[\"Canarische Eilanden\",\"La Palma\",\"vulkaanuitbarsting\"],\"articleSection\":[\"bouwen op La Palma\",\"divers\",\"La Palma\",\"vulkaanuitbarsting\",\"vulkaanuitbarsting La Palma\"],\"inLanguage\":\"nl-NL\",\"potentialAction\":[{\"@type\":\"CommentAction\",\"name\":\"Comment\",\"target\":[\"https:\\\/\\\/lapalmita-lapalma.com\\\/nl\\\/winter-op-la-palma-en-het-lang-verwachte-nieuwe-decreto\\\/#respond\"]}]},{\"@type\":\"WebPage\",\"@id\":\"https:\\\/\\\/lapalmita-lapalma.com\\\/nl\\\/winter-op-la-palma-en-het-lang-verwachte-nieuwe-decreto\\\/\",\"url\":\"https:\\\/\\\/lapalmita-lapalma.com\\\/nl\\\/winter-op-la-palma-en-het-lang-verwachte-nieuwe-decreto\\\/\",\"name\":\"Winter op La Palma en het lang verwachte nieuwe decreto\",\"isPartOf\":{\"@id\":\"https:\\\/\\\/lapalmita-lapalma.com\\\/nl\\\/#website\"},\"datePublished\":\"2023-01-22T22:55:33+00:00\",\"dateModified\":\"2023-06-08T14:27:32+00:00\",\"description\":\"En deze week is dan de \u2018borrador\u2019, het concept, van het nieuwe, lang verwachte tweede decreto voor de vulkaanslachtoffers bekend geworden.\",\"breadcrumb\":{\"@id\":\"https:\\\/\\\/lapalmita-lapalma.com\\\/nl\\\/winter-op-la-palma-en-het-lang-verwachte-nieuwe-decreto\\\/#breadcrumb\"},\"inLanguage\":\"nl-NL\",\"potentialAction\":[{\"@type\":\"ReadAction\",\"target\":[\"https:\\\/\\\/lapalmita-lapalma.com\\\/nl\\\/winter-op-la-palma-en-het-lang-verwachte-nieuwe-decreto\\\/\"]}]},{\"@type\":\"BreadcrumbList\",\"@id\":\"https:\\\/\\\/lapalmita-lapalma.com\\\/nl\\\/winter-op-la-palma-en-het-lang-verwachte-nieuwe-decreto\\\/#breadcrumb\",\"itemListElement\":[{\"@type\":\"ListItem\",\"position\":1,\"name\":\"Home\",\"item\":\"https:\\\/\\\/lapalmita-lapalma.com\\\/nl\\\/\"},{\"@type\":\"ListItem\",\"position\":2,\"name\":\"Winter op La Palma en het lang verwachte nieuwe decreto.\"}]},{\"@type\":\"WebSite\",\"@id\":\"https:\\\/\\\/lapalmita-lapalma.com\\\/nl\\\/#website\",\"url\":\"https:\\\/\\\/lapalmita-lapalma.com\\\/nl\\\/\",\"name\":\"La Palmita La Palma - Penthouse-appartement met groot dakterras en panoramisch uitzicht\",\"description\":\"home\",\"publisher\":{\"@id\":\"https:\\\/\\\/lapalmita-lapalma.com\\\/nl\\\/#organization\"},\"potentialAction\":[{\"@type\":\"SearchAction\",\"target\":{\"@type\":\"EntryPoint\",\"urlTemplate\":\"https:\\\/\\\/lapalmita-lapalma.com\\\/nl\\\/?s={search_term_string}\"},\"query-input\":{\"@type\":\"PropertyValueSpecification\",\"valueRequired\":true,\"valueName\":\"search_term_string\"}}],\"inLanguage\":\"nl-NL\"},{\"@type\":\"Organization\",\"@id\":\"https:\\\/\\\/lapalmita-lapalma.com\\\/nl\\\/#organization\",\"name\":\"La Palmita - La Palma\",\"url\":\"https:\\\/\\\/lapalmita-lapalma.com\\\/nl\\\/\",\"logo\":{\"@type\":\"ImageObject\",\"inLanguage\":\"nl-NL\",\"@id\":\"https:\\\/\\\/lapalmita-lapalma.com\\\/nl\\\/#\\\/schema\\\/logo\\\/image\\\/\",\"url\":\"https:\\\/\\\/lapalmita-lapalma.com\\\/wp-content\\\/uploads\\\/Logo-La-Palmita.png\",\"contentUrl\":\"https:\\\/\\\/lapalmita-lapalma.com\\\/wp-content\\\/uploads\\\/Logo-La-Palmita.png\",\"width\":196,\"height\":80,\"caption\":\"La Palmita - La Palma\"},\"image\":{\"@id\":\"https:\\\/\\\/lapalmita-lapalma.com\\\/nl\\\/#\\\/schema\\\/logo\\\/image\\\/\"}},{\"@type\":\"Person\",\"@id\":\"https:\\\/\\\/lapalmita-lapalma.com\\\/nl\\\/#\\\/schema\\\/person\\\/7a5f50ead8fa90a35a4c56d48f6370cf\",\"name\":\"Marja Vermeulen\",\"image\":{\"@type\":\"ImageObject\",\"inLanguage\":\"nl-NL\",\"@id\":\"https:\\\/\\\/secure.gravatar.com\\\/avatar\\\/61e9f2298aeb2b9d4338fbf40b748409d56ac02bdf8374711ccf095dfe978fec?s=96&d=mm&r=g\",\"url\":\"https:\\\/\\\/secure.gravatar.com\\\/avatar\\\/61e9f2298aeb2b9d4338fbf40b748409d56ac02bdf8374711ccf095dfe978fec?s=96&d=mm&r=g\",\"contentUrl\":\"https:\\\/\\\/secure.gravatar.com\\\/avatar\\\/61e9f2298aeb2b9d4338fbf40b748409d56ac02bdf8374711ccf095dfe978fec?s=96&d=mm&r=g\",\"caption\":\"Marja Vermeulen\"},\"sameAs\":[\"https:\\\/\\\/x.com\\\/itlapalma\"]}]}<\/script>\n<!-- \/ Yoast SEO plugin. -->","yoast_head_json":{"title":"Winter op La Palma en het lang verwachte nieuwe decreto","description":"En deze week is dan de \u2018borrador\u2019, het concept, van het nieuwe, lang verwachte tweede decreto voor de vulkaanslachtoffers bekend geworden.","robots":{"index":"index","follow":"follow","max-snippet":"max-snippet:-1","max-image-preview":"max-image-preview:large","max-video-preview":"max-video-preview:-1"},"canonical":"https:\/\/lapalmita-lapalma.com\/nl\/winter-op-la-palma-en-het-lang-verwachte-nieuwe-decreto\/","og_locale":"nl_NL","og_type":"article","og_title":"Winter op La Palma en het lang verwachte nieuwe decreto","og_description":"En deze week is dan de \u2018borrador\u2019, het concept, van het nieuwe, lang verwachte tweede decreto voor de vulkaanslachtoffers bekend geworden.","og_url":"https:\/\/lapalmita-lapalma.com\/nl\/winter-op-la-palma-en-het-lang-verwachte-nieuwe-decreto\/","og_site_name":"La Palmita La Palma - Penthouse-appartement met groot dakterras en panoramisch uitzicht","article_published_time":"2023-01-22T22:55:33+00:00","article_modified_time":"2023-06-08T14:27:32+00:00","author":"Marja Vermeulen","twitter_card":"summary_large_image","twitter_creator":"@itlapalma","twitter_misc":{"Geschreven door":"Marja Vermeulen","Geschatte leestijd":"4 minuten"},"schema":{"@context":"https:\/\/schema.org","@graph":[{"@type":"Article","@id":"https:\/\/lapalmita-lapalma.com\/nl\/winter-op-la-palma-en-het-lang-verwachte-nieuwe-decreto\/#article","isPartOf":{"@id":"https:\/\/lapalmita-lapalma.com\/nl\/winter-op-la-palma-en-het-lang-verwachte-nieuwe-decreto\/"},"author":{"name":"Marja Vermeulen","@id":"https:\/\/lapalmita-lapalma.com\/nl\/#\/schema\/person\/7a5f50ead8fa90a35a4c56d48f6370cf"},"headline":"Winter op La Palma en het lang verwachte nieuwe decreto.","datePublished":"2023-01-22T22:55:33+00:00","dateModified":"2023-06-08T14:27:32+00:00","mainEntityOfPage":{"@id":"https:\/\/lapalmita-lapalma.com\/nl\/winter-op-la-palma-en-het-lang-verwachte-nieuwe-decreto\/"},"wordCount":732,"commentCount":5,"publisher":{"@id":"https:\/\/lapalmita-lapalma.com\/nl\/#organization"},"keywords":["Canarische Eilanden","La Palma","vulkaanuitbarsting"],"articleSection":["bouwen op La Palma","divers","La Palma","vulkaanuitbarsting","vulkaanuitbarsting La Palma"],"inLanguage":"nl-NL","potentialAction":[{"@type":"CommentAction","name":"Comment","target":["https:\/\/lapalmita-lapalma.com\/nl\/winter-op-la-palma-en-het-lang-verwachte-nieuwe-decreto\/#respond"]}]},{"@type":"WebPage","@id":"https:\/\/lapalmita-lapalma.com\/nl\/winter-op-la-palma-en-het-lang-verwachte-nieuwe-decreto\/","url":"https:\/\/lapalmita-lapalma.com\/nl\/winter-op-la-palma-en-het-lang-verwachte-nieuwe-decreto\/","name":"Winter op La Palma en het lang verwachte nieuwe decreto","isPartOf":{"@id":"https:\/\/lapalmita-lapalma.com\/nl\/#website"},"datePublished":"2023-01-22T22:55:33+00:00","dateModified":"2023-06-08T14:27:32+00:00","description":"En deze week is dan de \u2018borrador\u2019, het concept, van het nieuwe, lang verwachte tweede decreto voor de vulkaanslachtoffers bekend geworden.","breadcrumb":{"@id":"https:\/\/lapalmita-lapalma.com\/nl\/winter-op-la-palma-en-het-lang-verwachte-nieuwe-decreto\/#breadcrumb"},"inLanguage":"nl-NL","potentialAction":[{"@type":"ReadAction","target":["https:\/\/lapalmita-lapalma.com\/nl\/winter-op-la-palma-en-het-lang-verwachte-nieuwe-decreto\/"]}]},{"@type":"BreadcrumbList","@id":"https:\/\/lapalmita-lapalma.com\/nl\/winter-op-la-palma-en-het-lang-verwachte-nieuwe-decreto\/#breadcrumb","itemListElement":[{"@type":"ListItem","position":1,"name":"Home","item":"https:\/\/lapalmita-lapalma.com\/nl\/"},{"@type":"ListItem","position":2,"name":"Winter op La Palma en het lang verwachte nieuwe decreto."}]},{"@type":"WebSite","@id":"https:\/\/lapalmita-lapalma.com\/nl\/#website","url":"https:\/\/lapalmita-lapalma.com\/nl\/","name":"La Palmita La Palma - Penthouse-appartement met groot dakterras en panoramisch uitzicht","description":"home","publisher":{"@id":"https:\/\/lapalmita-lapalma.com\/nl\/#organization"},"potentialAction":[{"@type":"SearchAction","target":{"@type":"EntryPoint","urlTemplate":"https:\/\/lapalmita-lapalma.com\/nl\/?s={search_term_string}"},"query-input":{"@type":"PropertyValueSpecification","valueRequired":true,"valueName":"search_term_string"}}],"inLanguage":"nl-NL"},{"@type":"Organization","@id":"https:\/\/lapalmita-lapalma.com\/nl\/#organization","name":"La Palmita - La Palma","url":"https:\/\/lapalmita-lapalma.com\/nl\/","logo":{"@type":"ImageObject","inLanguage":"nl-NL","@id":"https:\/\/lapalmita-lapalma.com\/nl\/#\/schema\/logo\/image\/","url":"https:\/\/lapalmita-lapalma.com\/wp-content\/uploads\/Logo-La-Palmita.png","contentUrl":"https:\/\/lapalmita-lapalma.com\/wp-content\/uploads\/Logo-La-Palmita.png","width":196,"height":80,"caption":"La Palmita - La Palma"},"image":{"@id":"https:\/\/lapalmita-lapalma.com\/nl\/#\/schema\/logo\/image\/"}},{"@type":"Person","@id":"https:\/\/lapalmita-lapalma.com\/nl\/#\/schema\/person\/7a5f50ead8fa90a35a4c56d48f6370cf","name":"Marja Vermeulen","image":{"@type":"ImageObject","inLanguage":"nl-NL","@id":"https:\/\/secure.gravatar.com\/avatar\/61e9f2298aeb2b9d4338fbf40b748409d56ac02bdf8374711ccf095dfe978fec?s=96&d=mm&r=g","url":"https:\/\/secure.gravatar.com\/avatar\/61e9f2298aeb2b9d4338fbf40b748409d56ac02bdf8374711ccf095dfe978fec?s=96&d=mm&r=g","contentUrl":"https:\/\/secure.gravatar.com\/avatar\/61e9f2298aeb2b9d4338fbf40b748409d56ac02bdf8374711ccf095dfe978fec?s=96&d=mm&r=g","caption":"Marja Vermeulen"},"sameAs":["https:\/\/x.com\/itlapalma"]}]}},"spectra_custom_meta":{"_edit_lock":["1713699718:3"],"_wpml_word_count":["{\"total\":781,\"to_translate\":{\"en\":781,\"fr\":781,\"de\":781,\"es\":781}}"],"_edit_last":["3"],"_wpml_media_duplicate":["1"],"_wpml_media_featured":["1"],"_yoast_wpseo_primary_category":["138"],"_yoast_wpseo_content_score":["30"],"_yoast_wpseo_estimated-reading-time-minutes":["4"],"_yoast_wpseo_wordproof_timestamp":[""],"_wpml_location_migration_done":["1"],"_yoast_wpseo_focuskw":["La Palma"],"_yoast_wpseo_title":["Winter op La Palma en het lang verwachte nieuwe decreto"],"_yoast_wpseo_metadesc":["En deze week is dan de \u2018borrador\u2019, het concept, van het nieuwe, lang verwachte tweede decreto voor de vulkaanslachtoffers bekend geworden."],"_yoast_wpseo_linkdex":["54"],"_uag_css_file_name":["uag-css-17478-1695020350.css"],"_uag_migration_processed":["1"],"copied_media_ids":["a:0:{}"],"referenced_media_ids":["a:0:{}"],"_uagb_previous_block_counts":["a:90:{s:21:\"uagb\/advanced-heading\";i:0;s:15:\"uagb\/blockquote\";i:0;s:12:\"uagb\/buttons\";i:0;s:18:\"uagb\/buttons-child\";i:0;s:19:\"uagb\/call-to-action\";i:0;s:15:\"uagb\/cf7-styler\";i:0;s:11:\"uagb\/column\";i:0;s:12:\"uagb\/columns\";i:0;s:14:\"uagb\/container\";i:0;s:21:\"uagb\/content-timeline\";i:0;s:27:\"uagb\/content-timeline-child\";i:0;s:14:\"uagb\/countdown\";i:0;s:12:\"uagb\/counter\";i:0;s:8:\"uagb\/faq\";i:0;s:14:\"uagb\/faq-child\";i:0;s:10:\"uagb\/forms\";i:0;s:17:\"uagb\/forms-accept\";i:0;s:19:\"uagb\/forms-checkbox\";i:0;s:15:\"uagb\/forms-date\";i:0;s:16:\"uagb\/forms-email\";i:0;s:17:\"uagb\/forms-hidden\";i:0;s:15:\"uagb\/forms-name\";i:0;s:16:\"uagb\/forms-phone\";i:0;s:16:\"uagb\/forms-radio\";i:0;s:17:\"uagb\/forms-select\";i:0;s:19:\"uagb\/forms-textarea\";i:0;s:17:\"uagb\/forms-toggle\";i:0;s:14:\"uagb\/forms-url\";i:0;s:14:\"uagb\/gf-styler\";i:0;s:15:\"uagb\/google-map\";i:0;s:11:\"uagb\/how-to\";i:0;s:16:\"uagb\/how-to-step\";i:0;s:9:\"uagb\/icon\";i:0;s:14:\"uagb\/icon-list\";i:0;s:20:\"uagb\/icon-list-child\";i:0;s:10:\"uagb\/image\";i:0;s:18:\"uagb\/image-gallery\";i:0;s:13:\"uagb\/info-box\";i:0;s:18:\"uagb\/inline-notice\";i:0;s:11:\"uagb\/lottie\";i:0;s:21:\"uagb\/marketing-button\";i:0;s:10:\"uagb\/modal\";i:0;s:18:\"uagb\/popup-builder\";i:0;s:16:\"uagb\/post-button\";i:0;s:18:\"uagb\/post-carousel\";i:0;s:17:\"uagb\/post-excerpt\";i:0;s:14:\"uagb\/post-grid\";i:0;s:15:\"uagb\/post-image\";i:0;s:17:\"uagb\/post-masonry\";i:0;s:14:\"uagb\/post-meta\";i:0;s:18:\"uagb\/post-taxonomy\";i:0;s:18:\"uagb\/post-timeline\";i:0;s:15:\"uagb\/post-title\";i:0;s:20:\"uagb\/restaurant-menu\";i:0;s:26:\"uagb\/restaurant-menu-child\";i:0;s:11:\"uagb\/review\";i:0;s:12:\"uagb\/section\";i:0;s:14:\"uagb\/separator\";i:0;s:11:\"uagb\/slider\";i:0;s:17:\"uagb\/slider-child\";i:0;s:17:\"uagb\/social-share\";i:0;s:23:\"uagb\/social-share-child\";i:0;s:16:\"uagb\/star-rating\";i:0;s:23:\"uagb\/sure-cart-checkout\";i:0;s:22:\"uagb\/sure-cart-product\";i:0;s:15:\"uagb\/sure-forms\";i:0;s:22:\"uagb\/table-of-contents\";i:0;s:9:\"uagb\/tabs\";i:0;s:15:\"uagb\/tabs-child\";i:0;s:18:\"uagb\/taxonomy-list\";i:0;s:9:\"uagb\/team\";i:0;s:16:\"uagb\/testimonial\";i:0;s:14:\"uagb\/wp-search\";i:0;s:19:\"uagb\/instagram-feed\";i:0;s:10:\"uagb\/login\";i:0;s:17:\"uagb\/loop-builder\";i:0;s:18:\"uagb\/loop-category\";i:0;s:20:\"uagb\/loop-pagination\";i:0;s:15:\"uagb\/loop-reset\";i:0;s:16:\"uagb\/loop-search\";i:0;s:14:\"uagb\/loop-sort\";i:0;s:17:\"uagb\/loop-wrapper\";i:0;s:13:\"uagb\/register\";i:0;s:19:\"uagb\/register-email\";i:0;s:24:\"uagb\/register-first-name\";i:0;s:23:\"uagb\/register-last-name\";i:0;s:22:\"uagb\/register-password\";i:0;s:30:\"uagb\/register-reenter-password\";i:0;s:19:\"uagb\/register-terms\";i:0;s:22:\"uagb\/register-username\";i:0;}"],"_uag_page_assets":["a:9:{s:3:\"css\";s:0:\"\";s:2:\"js\";s:0:\"\";s:18:\"current_block_list\";a:1:{i:0;s:14:\"core\/paragraph\";}s:8:\"uag_flag\";b:0;s:11:\"uag_version\";s:10:\"1777358229\";s:6:\"gfonts\";a:0:{}s:10:\"gfonts_url\";s:0:\"\";s:12:\"gfonts_files\";a:0:{}s:14:\"uag_faq_layout\";b:0;}"]},"uagb_featured_image_src":{"full":false,"thumbnail":false,"medium":false,"medium_large":false,"large":false,"1536x1536":false,"2048x2048":false},"uagb_author_info":{"display_name":"Marja Vermeulen","author_link":"https:\/\/lapalmita-lapalma.com\/nl\/author\/sitemanager\/"},"uagb_comment_info":6,"uagb_excerpt":"Brrrr het is maar fris, de afgelopen dagen. Zelfs in Argual, waar ons huurhuis staat met uitzicht vanaf 250 mtr [&hellip;]","_links":{"self":[{"href":"https:\/\/lapalmita-lapalma.com\/nl\/wp-json\/wp\/v2\/posts\/17478","targetHints":{"allow":["GET"]}}],"collection":[{"href":"https:\/\/lapalmita-lapalma.com\/nl\/wp-json\/wp\/v2\/posts"}],"about":[{"href":"https:\/\/lapalmita-lapalma.com\/nl\/wp-json\/wp\/v2\/types\/post"}],"author":[{"embeddable":true,"href":"https:\/\/lapalmita-lapalma.com\/nl\/wp-json\/wp\/v2\/users\/3"}],"replies":[{"embeddable":true,"href":"https:\/\/lapalmita-lapalma.com\/nl\/wp-json\/wp\/v2\/comments?post=17478"}],"version-history":[{"count":0,"href":"https:\/\/lapalmita-lapalma.com\/nl\/wp-json\/wp\/v2\/posts\/17478\/revisions"}],"wp:attachment":[{"href":"https:\/\/lapalmita-lapalma.com\/nl\/wp-json\/wp\/v2\/media?parent=17478"}],"wp:term":[{"taxonomy":"category","embeddable":true,"href":"https:\/\/lapalmita-lapalma.com\/nl\/wp-json\/wp\/v2\/categories?post=17478"},{"taxonomy":"post_tag","embeddable":true,"href":"https:\/\/lapalmita-lapalma.com\/nl\/wp-json\/wp\/v2\/tags?post=17478"}],"curies":[{"name":"wp","href":"https:\/\/api.w.org\/{rel}","templated":true}]}}