{"id":7952,"date":"2021-04-16T08:09:36","date_gmt":"2021-04-16T09:09:36","guid":{"rendered":"https:\/\/fincaparaiso-lapalma.com\/?p=7952"},"modified":"2024-04-28T20:55:52","modified_gmt":"2024-04-28T20:55:52","slug":"transavia-vliegt-komende-winter-weer-op-la-palma-straatarm-of-steenrijk","status":"publish","type":"post","link":"https:\/\/lapalmita-lapalma.com\/nl\/transavia-vliegt-komende-winter-weer-op-la-palma-straatarm-of-steenrijk\/","title":{"rendered":"Transavia vliegt komende winter weer op La Palma \u2013 Straatarm of steenrijk?"},"content":{"rendered":"\n<p>Goed nieuws voor La Palma, <a href=\"https:\/\/www.transavia.com\/nl-NL\/boek-een-vlucht\/vluchten\/zoeken\/#month-view\" target=\"_blank\" rel=\"noreferrer noopener\">vanaf november hervat Transavia de rechtstreekse vluchten van Amsterdam naar Santa Cruz de la Palma<\/a>. Er wordt wekelijks 1 vlucht op vrijdag uitgevoerd, helaas is de dinsdag-vlucht vooralsnog vervallen. Dit voorjaar en zomer vliegt TUI rechtstreeks vanaf Amsterdam naar La Palma. De vluchten zijn nu al boekbaar. Daarmee zijn we ook voor Nederlandse gasten weer goed bereikbaar. En voor diegenen die in het zuiden van Nederland wonen, vanaf Brussel is het ook mogelijk om met Iberia (met een tussenstop in Madrid) en met Tui Fly Belgi\u00eb (direct) naar La Palma te vliegen tegen (meestal) redelijke tarieven. <a href=\"\/?page_id=1207\" target=\"_blank\" rel=\"noreferrer noopener\">DUS SNEL BOEKEN, WANT DE LAATSTE GAATJES VULLEN ZICH!!!<\/a> &#x1f60a;<\/p>\n\n\n\n<p>Eind maart ontvingen we een wel heel bijzondere email van een tv-producent van SBS6 met de vraag of we interesse hadden om deel te nemen aan het programma \u2018Steenrijk, Straatarm\u2019. Nou ja, dachten wij, zo arm zijn we nu ook weer niet! Maar het bleek dat ons de rol van \u2018steenrijk\u2019 toebedeeld zou worden &#x1f633;&#x1f602;. Maar dat \u2018steenrijk\u2019 moesten we niet zo heel letterlijk nemen. Het ging erom dat men het contrast wil laten zien tussen een welvarend gezin (maar wij zijn geen \u2018gezin\u2019) dat daar hard voor gewerkt heeft (dat klopt dan weer wel) en daardoor geen geldzorgen heeft en een ander gezin dat door wat voor redenen ook in de financi\u00eble problemen zit en het met een minimaal bedrag per week moet doen. Er kijken zo\u2019n miljoen mensen naar de uitzendingen en we zouden ook de kans krijgen om onszelf te presenteren en de naam van ons \u2018bedrijf\u2019 te noemen.<\/p>\n\n\n\n<p>Dit moesten we even laten bezinken. Even, want na 2 seconden waren we het al eens. NEEEEE, niks voor ons. Alleen al het idee dat er een miljoen mensen naar je gaan kijken &#x1f631;&#x1f62c;. Bovendien is ons leven niet zo erg luxueus, h\u00e9\u00e9l veel in de tuin werken, appartementen schoonmaken (momenteel wel ietsje minder dan gebruikelijk), beddengoed wassen en strijken, etc. Misschien niet zo aanlokkelijk voor een \u2018arm\u2019 gezin, dat waarschijnlijk zelf ook gewoon hard werkt. Dus we hebben vriendelijk bedankt. We zijn al vaker benaderd door programma\u2019s als Bed &amp; Breakfast, Met 4 in Bed (= de Vlaamse variant, waarschijnlijk waren zij bij ons terechtgekomen door onze zachte \u2018g\u2019 &#x1f609;) , etc., maar dit was weer een hele nieuwe invalshoek, haha.<\/p>\n\n\n\n<p>Nu over naar meer serieuze zaken. Omdat het in de wintermaanden wat langer duurt voordat \u2019s ochtends de zon op \u00e9\u00e9n van onze priv\u00e9 terrassen komt, bedachten we dat daar iets aan moest gebeuren. Aan de noordkant van ons huis, waar onze grote terrastafel staat, komt in de winter de zon pas later op de dag en deels blijft dit gedeelte in dec-jan-feb in de schaduw. Aan de oceaankant, de westkant, hebben we in de winter vanaf een uur of elf, half twaalf volop zon, maar eerder niet. Te laat voor ons ochtendlijk kopje koffie. En bij de gasten op het terras gaan zitten is een beetje vreemd. Maarrrrrrr, aan de zuidkant van ons huis ligt nog een strook tuin waarmee we eigenlijk niets deden omdat we aan die kant niet direct een deur hebben. Dit gedeelte ligt mooi in de luwte van 2 rotswandjes, is dus ook redelijk beschut tegen wind, en als de zon in de winter rond een uur of 9 over de kam van de cumbre heen piept, dan schijnt ze precies in dit deel van de tuin. Daar moest een ontbijt\/koffieterrasje komen, waren we snel eens. Karel toog meteen aan de slag. Planten eruit, het stukje horizontaal gemaakt, anti-worteldoek erin en kiezels erop. Tafeltje met stoelen neergezet en klaar!<\/p>\n\n\n\n<figure class=\"wp-block-image size-large\"><img loading=\"lazy\" decoding=\"async\" width=\"1000\" height=\"750\" src=\"https:\/\/lapalmita-lapalma.com\/wp-content\/uploads\/2021\/04\/bericht210416-1.jpg\" alt=\"\" class=\"wp-image-7953\" srcset=\"https:\/\/lapalmita-lapalma.com\/wp-content\/uploads\/2021\/04\/bericht210416-1.jpg 1000w, https:\/\/lapalmita-lapalma.com\/wp-content\/uploads\/2021\/04\/bericht210416-1-300x225.jpg 300w, https:\/\/lapalmita-lapalma.com\/wp-content\/uploads\/2021\/04\/bericht210416-1-768x576.jpg 768w\" sizes=\"auto, (max-width: 1000px) 100vw, 1000px\" \/><figcaption>De &#8216;voor&#8217; foto vergeten te nemen.<\/figcaption><\/figure>\n\n\n\n<figure class=\"wp-block-image size-large\"><img loading=\"lazy\" decoding=\"async\" width=\"1000\" height=\"750\" src=\"https:\/\/lapalmita-lapalma.com\/wp-content\/uploads\/2021\/04\/bericht210416-2.jpg\" alt=\"finca-paraiso-la-palma\" class=\"wp-image-7958\" srcset=\"https:\/\/lapalmita-lapalma.com\/wp-content\/uploads\/2021\/04\/bericht210416-2.jpg 1000w, https:\/\/lapalmita-lapalma.com\/wp-content\/uploads\/2021\/04\/bericht210416-2-300x225.jpg 300w, https:\/\/lapalmita-lapalma.com\/wp-content\/uploads\/2021\/04\/bericht210416-2-768x576.jpg 768w\" sizes=\"auto, (max-width: 1000px) 100vw, 1000px\" \/><\/figure>\n\n\n\n<figure class=\"wp-block-image size-large\"><img loading=\"lazy\" decoding=\"async\" width=\"1000\" height=\"750\" src=\"https:\/\/lapalmita-lapalma.com\/wp-content\/uploads\/2021\/04\/bericht210416-3.jpg\" alt=\"\" class=\"wp-image-7963\" srcset=\"https:\/\/lapalmita-lapalma.com\/wp-content\/uploads\/2021\/04\/bericht210416-3.jpg 1000w, https:\/\/lapalmita-lapalma.com\/wp-content\/uploads\/2021\/04\/bericht210416-3-300x225.jpg 300w, https:\/\/lapalmita-lapalma.com\/wp-content\/uploads\/2021\/04\/bericht210416-3-768x576.jpg 768w\" sizes=\"auto, (max-width: 1000px) 100vw, 1000px\" \/><figcaption>Gezien vanaf de trap naar de serrekamer bovenop ons huis.<\/figcaption><\/figure>\n\n\n\n<figure class=\"wp-block-image size-large\"><img loading=\"lazy\" decoding=\"async\" width=\"1000\" height=\"750\" src=\"https:\/\/lapalmita-lapalma.com\/wp-content\/uploads\/2021\/04\/bericht210416-4.jpg\" alt=\"\" class=\"wp-image-7968\" srcset=\"https:\/\/lapalmita-lapalma.com\/wp-content\/uploads\/2021\/04\/bericht210416-4.jpg 1000w, https:\/\/lapalmita-lapalma.com\/wp-content\/uploads\/2021\/04\/bericht210416-4-300x225.jpg 300w, https:\/\/lapalmita-lapalma.com\/wp-content\/uploads\/2021\/04\/bericht210416-4-768x576.jpg 768w\" sizes=\"auto, (max-width: 1000px) 100vw, 1000px\" \/><figcaption>Knus omsloten met zelfs nog een klein beetje zeezicht.<\/figcaption><\/figure>\n\n\n\n<p>De fruitbomen in onze nieuwe boomgaard zijn geplant. Behalve de avocado&#8217;s, want die zijn op het moment niet leverbaar. <\/p>\n\n\n\n<figure class=\"wp-block-image size-large\"><img loading=\"lazy\" decoding=\"async\" width=\"1000\" height=\"750\" src=\"https:\/\/lapalmita-lapalma.com\/wp-content\/uploads\/2021\/04\/bericht210416-5.jpg\" alt=\"finca-paraiso-la-palma-boomgaard\" class=\"wp-image-7973\" srcset=\"https:\/\/lapalmita-lapalma.com\/wp-content\/uploads\/2021\/04\/bericht210416-5.jpg 1000w, https:\/\/lapalmita-lapalma.com\/wp-content\/uploads\/2021\/04\/bericht210416-5-300x225.jpg 300w, https:\/\/lapalmita-lapalma.com\/wp-content\/uploads\/2021\/04\/bericht210416-5-768x576.jpg 768w\" sizes=\"auto, (max-width: 1000px) 100vw, 1000px\" \/><figcaption>In de gaten was voor het planten al geitenmest gegaan, vandaag is er ook een laag rond de stam gekomen. En lekker dat ze het vinden!<\/figcaption><\/figure>\n\n\n\n<p>We zouden het zo leuk vinden als er tussen de bomen wat kleur komt. Op het moment barst het op La Palma van de wilde bloemen, die zouden we hier ook best willen. Dus op zoek.<\/p>\n\n\n\n<figure class=\"wp-block-image size-large\"><img loading=\"lazy\" decoding=\"async\" width=\"1000\" height=\"750\" src=\"https:\/\/lapalmita-lapalma.com\/wp-content\/uploads\/2021\/04\/bericht210416-9.jpg\" alt=\"\" class=\"wp-image-7993\" srcset=\"https:\/\/lapalmita-lapalma.com\/wp-content\/uploads\/2021\/04\/bericht210416-9.jpg 1000w, https:\/\/lapalmita-lapalma.com\/wp-content\/uploads\/2021\/04\/bericht210416-9-300x225.jpg 300w, https:\/\/lapalmita-lapalma.com\/wp-content\/uploads\/2021\/04\/bericht210416-9-768x576.jpg 768w\" sizes=\"auto, (max-width: 1000px) 100vw, 1000px\" \/><figcaption>Deze vinden we zo mooi, soort klaprozen maar dan oranje-geel. Hele velden staan er vol mee rondom El Paso.<\/figcaption><\/figure>\n\n\n\n<figure class=\"wp-block-image size-large\"><img loading=\"lazy\" decoding=\"async\" width=\"1000\" height=\"750\" src=\"https:\/\/lapalmita-lapalma.com\/wp-content\/uploads\/2021\/04\/bericht210416-10.jpg\" alt=\"\" class=\"wp-image-7998\" srcset=\"https:\/\/lapalmita-lapalma.com\/wp-content\/uploads\/2021\/04\/bericht210416-10.jpg 1000w, https:\/\/lapalmita-lapalma.com\/wp-content\/uploads\/2021\/04\/bericht210416-10-300x225.jpg 300w, https:\/\/lapalmita-lapalma.com\/wp-content\/uploads\/2021\/04\/bericht210416-10-768x576.jpg 768w\" sizes=\"auto, (max-width: 1000px) 100vw, 1000px\" \/><\/figure>\n\n\n\n<figure class=\"wp-block-image size-large\"><img loading=\"lazy\" decoding=\"async\" width=\"1000\" height=\"750\" src=\"https:\/\/lapalmita-lapalma.com\/wp-content\/uploads\/2021\/04\/bericht210416-8.jpg\" alt=\"\" class=\"wp-image-7988\" srcset=\"https:\/\/lapalmita-lapalma.com\/wp-content\/uploads\/2021\/04\/bericht210416-8.jpg 1000w, https:\/\/lapalmita-lapalma.com\/wp-content\/uploads\/2021\/04\/bericht210416-8-300x225.jpg 300w, https:\/\/lapalmita-lapalma.com\/wp-content\/uploads\/2021\/04\/bericht210416-8-768x576.jpg 768w\" sizes=\"auto, (max-width: 1000px) 100vw, 1000px\" \/><figcaption>Dus hebben we de vrijheid genomen om een paar plukken uit te graven en tussen de fruitbomen te planten. Met een aantal andere wilde planten hebben we dat al gedaan en dat is heel goed gegaan. Maar met deze is het al de 2e poging, de 1e keer is jammerlijk mislukt. Als het nu ook weer fout gaat, dan moeten we maar zaad gaan verzamelen als alles uitgebloeid is.<\/figcaption><\/figure>\n\n\n\n<figure class=\"wp-block-image size-large\"><img loading=\"lazy\" decoding=\"async\" width=\"1000\" height=\"750\" src=\"https:\/\/lapalmita-lapalma.com\/wp-content\/uploads\/2021\/04\/bericht210416-11.jpg\" alt=\"\" class=\"wp-image-8003\" srcset=\"https:\/\/lapalmita-lapalma.com\/wp-content\/uploads\/2021\/04\/bericht210416-11.jpg 1000w, https:\/\/lapalmita-lapalma.com\/wp-content\/uploads\/2021\/04\/bericht210416-11-300x225.jpg 300w, https:\/\/lapalmita-lapalma.com\/wp-content\/uploads\/2021\/04\/bericht210416-11-768x576.jpg 768w\" sizes=\"auto, (max-width: 1000px) 100vw, 1000px\" \/><figcaption>Zomaar een berm langs de kant van de Camino Pastelero, bij ons om de hoek. Rode klaprozen hebben we (nou ja Karel dan) ook uitgegraven. <\/figcaption><\/figure>\n\n\n\n<p>Het is nu een week geleden dat we ze &#8216;herplant&#8217; hebben en ze zien er momenteel weliswaar bedroevend uit, maar dood zijn ze (nog) niet. Zouden ze het overleven?? Als ze zich uitzaaien zou dat heel mooi zijn.<\/p>\n\n\n\n<figure class=\"wp-block-image size-large\"><img loading=\"lazy\" decoding=\"async\" width=\"1000\" height=\"750\" src=\"https:\/\/lapalmita-lapalma.com\/wp-content\/uploads\/2021\/04\/bericht210416-12.jpg\" alt=\"\" class=\"wp-image-8008\" srcset=\"https:\/\/lapalmita-lapalma.com\/wp-content\/uploads\/2021\/04\/bericht210416-12.jpg 1000w, https:\/\/lapalmita-lapalma.com\/wp-content\/uploads\/2021\/04\/bericht210416-12-300x225.jpg 300w, https:\/\/lapalmita-lapalma.com\/wp-content\/uploads\/2021\/04\/bericht210416-12-768x576.jpg 768w\" sizes=\"auto, (max-width: 1000px) 100vw, 1000px\" \/><figcaption>En onze afkoeltobbe is schoongemaakt en wordt hier gevuld met nieuw water. De thermometer gaf, toen het bad eergisteren vol was, 22 graden aan en zojuist maar liefst 24 graden. Hetgeen vrij onwaarschijnlijk is. Tijd voor een nieuwe thermometer lijkt ons.<\/figcaption><\/figure>\n\n\n\n<p>Oh ja, met Pasen had ik nog advocaat gemaakt. Geweldig gelukt, al zeg ik het zelf, echt heerlijk. <\/p>\n\n\n\n<figure class=\"wp-block-image size-large\"><img loading=\"lazy\" decoding=\"async\" width=\"1000\" height=\"750\" src=\"https:\/\/lapalmita-lapalma.com\/wp-content\/uploads\/2021\/04\/bericht210416-7.jpg\" alt=\"\" class=\"wp-image-7983\" srcset=\"https:\/\/lapalmita-lapalma.com\/wp-content\/uploads\/2021\/04\/bericht210416-7.jpg 1000w, https:\/\/lapalmita-lapalma.com\/wp-content\/uploads\/2021\/04\/bericht210416-7-300x225.jpg 300w, https:\/\/lapalmita-lapalma.com\/wp-content\/uploads\/2021\/04\/bericht210416-7-768x576.jpg 768w\" sizes=\"auto, (max-width: 1000px) 100vw, 1000px\" \/><figcaption>In een mooi glaasje, toefje slagroom erop en met een klein lepeltje smullen. Als een oud wijf op de bank, aldus Karel. Hij heeft een punt&#8230;<\/figcaption><\/figure>\n\n\n\n<figure class=\"wp-block-image size-large\"><img loading=\"lazy\" decoding=\"async\" width=\"1000\" height=\"750\" src=\"https:\/\/lapalmita-lapalma.com\/wp-content\/uploads\/2021\/04\/bericht210416-13.jpg\" alt=\"\" class=\"wp-image-8013\" srcset=\"https:\/\/lapalmita-lapalma.com\/wp-content\/uploads\/2021\/04\/bericht210416-13.jpg 1000w, https:\/\/lapalmita-lapalma.com\/wp-content\/uploads\/2021\/04\/bericht210416-13-300x225.jpg 300w, https:\/\/lapalmita-lapalma.com\/wp-content\/uploads\/2021\/04\/bericht210416-13-768x576.jpg 768w\" sizes=\"auto, (max-width: 1000px) 100vw, 1000px\" \/><figcaption>Terwijl Karel aan het uitgraven was, maakte ik deze foto. Gewoon omdat ik niet genoeg kan krijgen van zulke uitzichten.<\/figcaption><\/figure>\n\n\n\n<figure class=\"wp-block-image size-large\"><img loading=\"lazy\" decoding=\"async\" width=\"1000\" height=\"750\" src=\"https:\/\/lapalmita-lapalma.com\/wp-content\/uploads\/2021\/04\/bericht210416-6.jpg\" alt=\"\" class=\"wp-image-7978\" srcset=\"https:\/\/lapalmita-lapalma.com\/wp-content\/uploads\/2021\/04\/bericht210416-6.jpg 1000w, https:\/\/lapalmita-lapalma.com\/wp-content\/uploads\/2021\/04\/bericht210416-6-300x225.jpg 300w, https:\/\/lapalmita-lapalma.com\/wp-content\/uploads\/2021\/04\/bericht210416-6-768x576.jpg 768w\" sizes=\"auto, (max-width: 1000px) 100vw, 1000px\" \/><figcaption>En onze eigen tuin, die echt heel mooi is momenteel.<\/figcaption><\/figure>\n\n\n\n<p>Oh ja, op 23 april ga ik naar Nederland. De 3e poging en dit keer moet het lukken. Met Iberia naar Brussel. Afspraak voor de pcr-test staat (niet fijn maar moet nu eenmaal anders kom ik niet ver) en de &#8216;verklaring op eer&#8217;, waarin ik plechtig beloof dat ik alleen op doorreis ben in Belgi\u00eb en er dus korter dan 48 uur vertoef, ligt klaar om getekend te worden. De test laat ik overigens doen op het vliegveld van La Palma, 70 euro en daarmee een stuk goedkoper dan het laboratorium in Los Llanos, dat 110 euro verlangt. En de resultaten veel sneller, men garandeert binnen 12 uur, maar vrienden die deze week naar NL zijn gevlogen hadden de uitslag al binnen voordat ze van het vliegveld terug thuis waren in Tazacorte. <\/p>\n","protected":false},"excerpt":{"rendered":"<p>Goed nieuws voor La Palma, vanaf november hervat Transavia de rechtstreekse vluchten van Amsterdam naar Santa Cruz de la Palma. [&hellip;]<\/p>\n","protected":false},"author":3,"featured_media":0,"comment_status":"open","ping_status":"closed","sticky":false,"template":"","format":"standard","meta":{"_uag_custom_page_level_css":"","site-sidebar-layout":"default","site-content-layout":"","ast-site-content-layout":"default","site-content-style":"default","site-sidebar-style":"default","ast-global-header-display":"","ast-banner-title-visibility":"","ast-main-header-display":"","ast-hfb-above-header-display":"","ast-hfb-below-header-display":"","ast-hfb-mobile-header-display":"","site-post-title":"","ast-breadcrumbs-content":"","ast-featured-img":"","footer-sml-layout":"","ast-disable-related-posts":"","theme-transparent-header-meta":"","adv-header-id-meta":"","stick-header-meta":"","header-above-stick-meta":"","header-main-stick-meta":"","header-below-stick-meta":"","astra-migrate-meta-layouts":"default","ast-page-background-enabled":"default","ast-page-background-meta":{"desktop":{"background-color":"var(--ast-global-color-4)","background-image":"","background-repeat":"repeat","background-position":"center center","background-size":"auto","background-attachment":"scroll","background-type":"","background-media":"","overlay-type":"","overlay-color":"","overlay-opacity":"","overlay-gradient":""},"tablet":{"background-color":"","background-image":"","background-repeat":"repeat","background-position":"center center","background-size":"auto","background-attachment":"scroll","background-type":"","background-media":"","overlay-type":"","overlay-color":"","overlay-opacity":"","overlay-gradient":""},"mobile":{"background-color":"","background-image":"","background-repeat":"repeat","background-position":"center center","background-size":"auto","background-attachment":"scroll","background-type":"","background-media":"","overlay-type":"","overlay-color":"","overlay-opacity":"","overlay-gradient":""}},"ast-content-background-meta":{"desktop":{"background-color":"var(--ast-global-color-5)","background-image":"","background-repeat":"repeat","background-position":"center center","background-size":"auto","background-attachment":"scroll","background-type":"","background-media":"","overlay-type":"","overlay-color":"","overlay-opacity":"","overlay-gradient":""},"tablet":{"background-color":"var(--ast-global-color-5)","background-image":"","background-repeat":"repeat","background-position":"center center","background-size":"auto","background-attachment":"scroll","background-type":"","background-media":"","overlay-type":"","overlay-color":"","overlay-opacity":"","overlay-gradient":""},"mobile":{"background-color":"var(--ast-global-color-5)","background-image":"","background-repeat":"repeat","background-position":"center center","background-size":"auto","background-attachment":"scroll","background-type":"","background-media":"","overlay-type":"","overlay-color":"","overlay-opacity":"","overlay-gradient":""}},"footnotes":""},"categories":[69,70,71,88],"tags":[110,75,82,111,77,89,80],"class_list":["post-7952","post","type-post","status-publish","format-standard","hentry","category-la-palma","category-omgeving","category-thuis","category-tuin","tag-isla-bonita","tag-la-palma","tag-los-llanos","tag-roque-de-los-muchachos","tag-vakantie-op-la-palma","tag-vakantiehuis","tag-vakantiewoning"],"yoast_head":"<!-- This site is optimized with the Yoast SEO plugin v27.4 - https:\/\/yoast.com\/product\/yoast-seo-wordpress\/ -->\n<title>Transavia_vliegt_komende_winter_weer_op_la_Palma<\/title>\n<meta name=\"description\" content=\"Goed nieuws voor La Palma, vanaf november hervat Transavia de rechtstreekse vluchten van Amsterdam naar Santa Cruz de la Palma.\" \/>\n<meta name=\"robots\" content=\"index, follow, max-snippet:-1, max-image-preview:large, max-video-preview:-1\" \/>\n<link rel=\"canonical\" href=\"https:\/\/lapalmita-lapalma.com\/nl\/transavia-vliegt-komende-winter-weer-op-la-palma-straatarm-of-steenrijk\/\" \/>\n<meta property=\"og:locale\" content=\"nl_NL\" \/>\n<meta property=\"og:type\" content=\"article\" \/>\n<meta property=\"og:title\" content=\"Transavia_vliegt_komende_winter_weer_op_la_Palma\" \/>\n<meta property=\"og:description\" content=\"Goed nieuws voor La Palma, vanaf november hervat Transavia de rechtstreekse vluchten van Amsterdam naar Santa Cruz de la Palma.\" \/>\n<meta property=\"og:url\" content=\"https:\/\/lapalmita-lapalma.com\/nl\/transavia-vliegt-komende-winter-weer-op-la-palma-straatarm-of-steenrijk\/\" \/>\n<meta property=\"og:site_name\" content=\"La Palmita La Palma - Penthouse-appartement met groot dakterras en panoramisch uitzicht\" \/>\n<meta property=\"article:published_time\" content=\"2021-04-16T09:09:36+00:00\" \/>\n<meta property=\"article:modified_time\" content=\"2024-04-28T20:55:52+00:00\" \/>\n<meta property=\"og:image\" content=\"https:\/\/lapalmita-lapalma.com\/wp-content\/uploads\/2021\/04\/bericht210416-1.jpg\" \/>\n<meta name=\"author\" content=\"Marja Vermeulen\" \/>\n<meta name=\"twitter:card\" content=\"summary_large_image\" \/>\n<meta name=\"twitter:creator\" content=\"@itlapalma\" \/>\n<meta name=\"twitter:label1\" content=\"Geschreven door\" \/>\n\t<meta name=\"twitter:data1\" content=\"Marja Vermeulen\" \/>\n\t<meta name=\"twitter:label2\" content=\"Geschatte leestijd\" \/>\n\t<meta name=\"twitter:data2\" content=\"9 minuten\" \/>\n<script type=\"application\/ld+json\" class=\"yoast-schema-graph\">{\"@context\":\"https:\\\/\\\/schema.org\",\"@graph\":[{\"@type\":\"Article\",\"@id\":\"https:\\\/\\\/lapalmita-lapalma.com\\\/nl\\\/transavia-vliegt-komende-winter-weer-op-la-palma-straatarm-of-steenrijk\\\/#article\",\"isPartOf\":{\"@id\":\"https:\\\/\\\/lapalmita-lapalma.com\\\/nl\\\/transavia-vliegt-komende-winter-weer-op-la-palma-straatarm-of-steenrijk\\\/\"},\"author\":{\"name\":\"Marja Vermeulen\",\"@id\":\"https:\\\/\\\/lapalmita-lapalma.com\\\/nl\\\/#\\\/schema\\\/person\\\/7a5f50ead8fa90a35a4c56d48f6370cf\"},\"headline\":\"Transavia vliegt komende winter weer op La Palma \u2013 Straatarm of steenrijk?\",\"datePublished\":\"2021-04-16T09:09:36+00:00\",\"dateModified\":\"2024-04-28T20:55:52+00:00\",\"mainEntityOfPage\":{\"@id\":\"https:\\\/\\\/lapalmita-lapalma.com\\\/nl\\\/transavia-vliegt-komende-winter-weer-op-la-palma-straatarm-of-steenrijk\\\/\"},\"wordCount\":1116,\"commentCount\":8,\"publisher\":{\"@id\":\"https:\\\/\\\/lapalmita-lapalma.com\\\/nl\\\/#organization\"},\"image\":{\"@id\":\"https:\\\/\\\/lapalmita-lapalma.com\\\/nl\\\/transavia-vliegt-komende-winter-weer-op-la-palma-straatarm-of-steenrijk\\\/#primaryimage\"},\"thumbnailUrl\":\"https:\\\/\\\/lapalmita-lapalma.com\\\/wp-content\\\/uploads\\\/2021\\\/04\\\/bericht210416-1.jpg\",\"keywords\":[\"isla bonita\",\"La Palma\",\"los llanos\",\"Roque de los Muchachos\",\"vakantie op la palma\",\"vakantiehuis\",\"vakantiewoning\"],\"articleSection\":[\"La Palma\",\"Omgeving\",\"thuis\",\"Tuin\"],\"inLanguage\":\"nl-NL\",\"potentialAction\":[{\"@type\":\"CommentAction\",\"name\":\"Comment\",\"target\":[\"https:\\\/\\\/lapalmita-lapalma.com\\\/nl\\\/transavia-vliegt-komende-winter-weer-op-la-palma-straatarm-of-steenrijk\\\/#respond\"]}]},{\"@type\":\"WebPage\",\"@id\":\"https:\\\/\\\/lapalmita-lapalma.com\\\/nl\\\/transavia-vliegt-komende-winter-weer-op-la-palma-straatarm-of-steenrijk\\\/\",\"url\":\"https:\\\/\\\/lapalmita-lapalma.com\\\/nl\\\/transavia-vliegt-komende-winter-weer-op-la-palma-straatarm-of-steenrijk\\\/\",\"name\":\"Transavia_vliegt_komende_winter_weer_op_la_Palma\",\"isPartOf\":{\"@id\":\"https:\\\/\\\/lapalmita-lapalma.com\\\/nl\\\/#website\"},\"primaryImageOfPage\":{\"@id\":\"https:\\\/\\\/lapalmita-lapalma.com\\\/nl\\\/transavia-vliegt-komende-winter-weer-op-la-palma-straatarm-of-steenrijk\\\/#primaryimage\"},\"image\":{\"@id\":\"https:\\\/\\\/lapalmita-lapalma.com\\\/nl\\\/transavia-vliegt-komende-winter-weer-op-la-palma-straatarm-of-steenrijk\\\/#primaryimage\"},\"thumbnailUrl\":\"https:\\\/\\\/lapalmita-lapalma.com\\\/wp-content\\\/uploads\\\/2021\\\/04\\\/bericht210416-1.jpg\",\"datePublished\":\"2021-04-16T09:09:36+00:00\",\"dateModified\":\"2024-04-28T20:55:52+00:00\",\"description\":\"Goed nieuws voor La Palma, vanaf november hervat Transavia de rechtstreekse vluchten van Amsterdam naar Santa Cruz de la Palma.\",\"breadcrumb\":{\"@id\":\"https:\\\/\\\/lapalmita-lapalma.com\\\/nl\\\/transavia-vliegt-komende-winter-weer-op-la-palma-straatarm-of-steenrijk\\\/#breadcrumb\"},\"inLanguage\":\"nl-NL\",\"potentialAction\":[{\"@type\":\"ReadAction\",\"target\":[\"https:\\\/\\\/lapalmita-lapalma.com\\\/nl\\\/transavia-vliegt-komende-winter-weer-op-la-palma-straatarm-of-steenrijk\\\/\"]}]},{\"@type\":\"ImageObject\",\"inLanguage\":\"nl-NL\",\"@id\":\"https:\\\/\\\/lapalmita-lapalma.com\\\/nl\\\/transavia-vliegt-komende-winter-weer-op-la-palma-straatarm-of-steenrijk\\\/#primaryimage\",\"url\":\"https:\\\/\\\/lapalmita-lapalma.com\\\/wp-content\\\/uploads\\\/2021\\\/04\\\/bericht210416-1.jpg\",\"contentUrl\":\"https:\\\/\\\/lapalmita-lapalma.com\\\/wp-content\\\/uploads\\\/2021\\\/04\\\/bericht210416-1.jpg\"},{\"@type\":\"BreadcrumbList\",\"@id\":\"https:\\\/\\\/lapalmita-lapalma.com\\\/nl\\\/transavia-vliegt-komende-winter-weer-op-la-palma-straatarm-of-steenrijk\\\/#breadcrumb\",\"itemListElement\":[{\"@type\":\"ListItem\",\"position\":1,\"name\":\"Home\",\"item\":\"https:\\\/\\\/lapalmita-lapalma.com\\\/nl\\\/\"},{\"@type\":\"ListItem\",\"position\":2,\"name\":\"Transavia vliegt komende winter weer op La Palma \u2013 Straatarm of steenrijk?\"}]},{\"@type\":\"WebSite\",\"@id\":\"https:\\\/\\\/lapalmita-lapalma.com\\\/nl\\\/#website\",\"url\":\"https:\\\/\\\/lapalmita-lapalma.com\\\/nl\\\/\",\"name\":\"La Palmita La Palma - Penthouse-appartement met groot dakterras en panoramisch uitzicht\",\"description\":\"home\",\"publisher\":{\"@id\":\"https:\\\/\\\/lapalmita-lapalma.com\\\/nl\\\/#organization\"},\"potentialAction\":[{\"@type\":\"SearchAction\",\"target\":{\"@type\":\"EntryPoint\",\"urlTemplate\":\"https:\\\/\\\/lapalmita-lapalma.com\\\/nl\\\/?s={search_term_string}\"},\"query-input\":{\"@type\":\"PropertyValueSpecification\",\"valueRequired\":true,\"valueName\":\"search_term_string\"}}],\"inLanguage\":\"nl-NL\"},{\"@type\":\"Organization\",\"@id\":\"https:\\\/\\\/lapalmita-lapalma.com\\\/nl\\\/#organization\",\"name\":\"La Palmita - La Palma\",\"url\":\"https:\\\/\\\/lapalmita-lapalma.com\\\/nl\\\/\",\"logo\":{\"@type\":\"ImageObject\",\"inLanguage\":\"nl-NL\",\"@id\":\"https:\\\/\\\/lapalmita-lapalma.com\\\/nl\\\/#\\\/schema\\\/logo\\\/image\\\/\",\"url\":\"https:\\\/\\\/lapalmita-lapalma.com\\\/wp-content\\\/uploads\\\/Logo-La-Palmita.png\",\"contentUrl\":\"https:\\\/\\\/lapalmita-lapalma.com\\\/wp-content\\\/uploads\\\/Logo-La-Palmita.png\",\"width\":196,\"height\":80,\"caption\":\"La Palmita - La Palma\"},\"image\":{\"@id\":\"https:\\\/\\\/lapalmita-lapalma.com\\\/nl\\\/#\\\/schema\\\/logo\\\/image\\\/\"}},{\"@type\":\"Person\",\"@id\":\"https:\\\/\\\/lapalmita-lapalma.com\\\/nl\\\/#\\\/schema\\\/person\\\/7a5f50ead8fa90a35a4c56d48f6370cf\",\"name\":\"Marja Vermeulen\",\"image\":{\"@type\":\"ImageObject\",\"inLanguage\":\"nl-NL\",\"@id\":\"https:\\\/\\\/secure.gravatar.com\\\/avatar\\\/61e9f2298aeb2b9d4338fbf40b748409d56ac02bdf8374711ccf095dfe978fec?s=96&d=mm&r=g\",\"url\":\"https:\\\/\\\/secure.gravatar.com\\\/avatar\\\/61e9f2298aeb2b9d4338fbf40b748409d56ac02bdf8374711ccf095dfe978fec?s=96&d=mm&r=g\",\"contentUrl\":\"https:\\\/\\\/secure.gravatar.com\\\/avatar\\\/61e9f2298aeb2b9d4338fbf40b748409d56ac02bdf8374711ccf095dfe978fec?s=96&d=mm&r=g\",\"caption\":\"Marja Vermeulen\"},\"sameAs\":[\"https:\\\/\\\/x.com\\\/itlapalma\"]}]}<\/script>\n<!-- \/ Yoast SEO plugin. -->","yoast_head_json":{"title":"Transavia_vliegt_komende_winter_weer_op_la_Palma","description":"Goed nieuws voor La Palma, vanaf november hervat Transavia de rechtstreekse vluchten van Amsterdam naar Santa Cruz de la Palma.","robots":{"index":"index","follow":"follow","max-snippet":"max-snippet:-1","max-image-preview":"max-image-preview:large","max-video-preview":"max-video-preview:-1"},"canonical":"https:\/\/lapalmita-lapalma.com\/nl\/transavia-vliegt-komende-winter-weer-op-la-palma-straatarm-of-steenrijk\/","og_locale":"nl_NL","og_type":"article","og_title":"Transavia_vliegt_komende_winter_weer_op_la_Palma","og_description":"Goed nieuws voor La Palma, vanaf november hervat Transavia de rechtstreekse vluchten van Amsterdam naar Santa Cruz de la Palma.","og_url":"https:\/\/lapalmita-lapalma.com\/nl\/transavia-vliegt-komende-winter-weer-op-la-palma-straatarm-of-steenrijk\/","og_site_name":"La Palmita La Palma - Penthouse-appartement met groot dakterras en panoramisch uitzicht","article_published_time":"2021-04-16T09:09:36+00:00","article_modified_time":"2024-04-28T20:55:52+00:00","og_image":[{"url":"https:\/\/lapalmita-lapalma.com\/wp-content\/uploads\/2021\/04\/bericht210416-1.jpg","type":"","width":"","height":""}],"author":"Marja Vermeulen","twitter_card":"summary_large_image","twitter_creator":"@itlapalma","twitter_misc":{"Geschreven door":"Marja Vermeulen","Geschatte leestijd":"9 minuten"},"schema":{"@context":"https:\/\/schema.org","@graph":[{"@type":"Article","@id":"https:\/\/lapalmita-lapalma.com\/nl\/transavia-vliegt-komende-winter-weer-op-la-palma-straatarm-of-steenrijk\/#article","isPartOf":{"@id":"https:\/\/lapalmita-lapalma.com\/nl\/transavia-vliegt-komende-winter-weer-op-la-palma-straatarm-of-steenrijk\/"},"author":{"name":"Marja Vermeulen","@id":"https:\/\/lapalmita-lapalma.com\/nl\/#\/schema\/person\/7a5f50ead8fa90a35a4c56d48f6370cf"},"headline":"Transavia vliegt komende winter weer op La Palma \u2013 Straatarm of steenrijk?","datePublished":"2021-04-16T09:09:36+00:00","dateModified":"2024-04-28T20:55:52+00:00","mainEntityOfPage":{"@id":"https:\/\/lapalmita-lapalma.com\/nl\/transavia-vliegt-komende-winter-weer-op-la-palma-straatarm-of-steenrijk\/"},"wordCount":1116,"commentCount":8,"publisher":{"@id":"https:\/\/lapalmita-lapalma.com\/nl\/#organization"},"image":{"@id":"https:\/\/lapalmita-lapalma.com\/nl\/transavia-vliegt-komende-winter-weer-op-la-palma-straatarm-of-steenrijk\/#primaryimage"},"thumbnailUrl":"https:\/\/lapalmita-lapalma.com\/wp-content\/uploads\/2021\/04\/bericht210416-1.jpg","keywords":["isla bonita","La Palma","los llanos","Roque de los Muchachos","vakantie op la palma","vakantiehuis","vakantiewoning"],"articleSection":["La Palma","Omgeving","thuis","Tuin"],"inLanguage":"nl-NL","potentialAction":[{"@type":"CommentAction","name":"Comment","target":["https:\/\/lapalmita-lapalma.com\/nl\/transavia-vliegt-komende-winter-weer-op-la-palma-straatarm-of-steenrijk\/#respond"]}]},{"@type":"WebPage","@id":"https:\/\/lapalmita-lapalma.com\/nl\/transavia-vliegt-komende-winter-weer-op-la-palma-straatarm-of-steenrijk\/","url":"https:\/\/lapalmita-lapalma.com\/nl\/transavia-vliegt-komende-winter-weer-op-la-palma-straatarm-of-steenrijk\/","name":"Transavia_vliegt_komende_winter_weer_op_la_Palma","isPartOf":{"@id":"https:\/\/lapalmita-lapalma.com\/nl\/#website"},"primaryImageOfPage":{"@id":"https:\/\/lapalmita-lapalma.com\/nl\/transavia-vliegt-komende-winter-weer-op-la-palma-straatarm-of-steenrijk\/#primaryimage"},"image":{"@id":"https:\/\/lapalmita-lapalma.com\/nl\/transavia-vliegt-komende-winter-weer-op-la-palma-straatarm-of-steenrijk\/#primaryimage"},"thumbnailUrl":"https:\/\/lapalmita-lapalma.com\/wp-content\/uploads\/2021\/04\/bericht210416-1.jpg","datePublished":"2021-04-16T09:09:36+00:00","dateModified":"2024-04-28T20:55:52+00:00","description":"Goed nieuws voor La Palma, vanaf november hervat Transavia de rechtstreekse vluchten van Amsterdam naar Santa Cruz de la Palma.","breadcrumb":{"@id":"https:\/\/lapalmita-lapalma.com\/nl\/transavia-vliegt-komende-winter-weer-op-la-palma-straatarm-of-steenrijk\/#breadcrumb"},"inLanguage":"nl-NL","potentialAction":[{"@type":"ReadAction","target":["https:\/\/lapalmita-lapalma.com\/nl\/transavia-vliegt-komende-winter-weer-op-la-palma-straatarm-of-steenrijk\/"]}]},{"@type":"ImageObject","inLanguage":"nl-NL","@id":"https:\/\/lapalmita-lapalma.com\/nl\/transavia-vliegt-komende-winter-weer-op-la-palma-straatarm-of-steenrijk\/#primaryimage","url":"https:\/\/lapalmita-lapalma.com\/wp-content\/uploads\/2021\/04\/bericht210416-1.jpg","contentUrl":"https:\/\/lapalmita-lapalma.com\/wp-content\/uploads\/2021\/04\/bericht210416-1.jpg"},{"@type":"BreadcrumbList","@id":"https:\/\/lapalmita-lapalma.com\/nl\/transavia-vliegt-komende-winter-weer-op-la-palma-straatarm-of-steenrijk\/#breadcrumb","itemListElement":[{"@type":"ListItem","position":1,"name":"Home","item":"https:\/\/lapalmita-lapalma.com\/nl\/"},{"@type":"ListItem","position":2,"name":"Transavia vliegt komende winter weer op La Palma \u2013 Straatarm of steenrijk?"}]},{"@type":"WebSite","@id":"https:\/\/lapalmita-lapalma.com\/nl\/#website","url":"https:\/\/lapalmita-lapalma.com\/nl\/","name":"La Palmita La Palma - Penthouse-appartement met groot dakterras en panoramisch uitzicht","description":"home","publisher":{"@id":"https:\/\/lapalmita-lapalma.com\/nl\/#organization"},"potentialAction":[{"@type":"SearchAction","target":{"@type":"EntryPoint","urlTemplate":"https:\/\/lapalmita-lapalma.com\/nl\/?s={search_term_string}"},"query-input":{"@type":"PropertyValueSpecification","valueRequired":true,"valueName":"search_term_string"}}],"inLanguage":"nl-NL"},{"@type":"Organization","@id":"https:\/\/lapalmita-lapalma.com\/nl\/#organization","name":"La Palmita - La Palma","url":"https:\/\/lapalmita-lapalma.com\/nl\/","logo":{"@type":"ImageObject","inLanguage":"nl-NL","@id":"https:\/\/lapalmita-lapalma.com\/nl\/#\/schema\/logo\/image\/","url":"https:\/\/lapalmita-lapalma.com\/wp-content\/uploads\/Logo-La-Palmita.png","contentUrl":"https:\/\/lapalmita-lapalma.com\/wp-content\/uploads\/Logo-La-Palmita.png","width":196,"height":80,"caption":"La Palmita - La Palma"},"image":{"@id":"https:\/\/lapalmita-lapalma.com\/nl\/#\/schema\/logo\/image\/"}},{"@type":"Person","@id":"https:\/\/lapalmita-lapalma.com\/nl\/#\/schema\/person\/7a5f50ead8fa90a35a4c56d48f6370cf","name":"Marja Vermeulen","image":{"@type":"ImageObject","inLanguage":"nl-NL","@id":"https:\/\/secure.gravatar.com\/avatar\/61e9f2298aeb2b9d4338fbf40b748409d56ac02bdf8374711ccf095dfe978fec?s=96&d=mm&r=g","url":"https:\/\/secure.gravatar.com\/avatar\/61e9f2298aeb2b9d4338fbf40b748409d56ac02bdf8374711ccf095dfe978fec?s=96&d=mm&r=g","contentUrl":"https:\/\/secure.gravatar.com\/avatar\/61e9f2298aeb2b9d4338fbf40b748409d56ac02bdf8374711ccf095dfe978fec?s=96&d=mm&r=g","caption":"Marja Vermeulen"},"sameAs":["https:\/\/x.com\/itlapalma"]}]}},"spectra_custom_meta":{"_wpml_media_featured":["1"],"_wpml_media_duplicate":["1"],"_wpml_word_count":["{\"total\":1172,\"to_translate\":{\"en\":1172,\"fr\":1172,\"de\":1172,\"es\":1172}}"],"_alp_processed":["1618564180"],"_et_pb_use_builder":["off"],"_et_pb_old_content":[""],"_et_gb_content_width":[""],"_edit_last":["3"],"_wpml_media_has_media":["1"],"_yoast_wpseo_primary_category":["69"],"_et_post_bg_color":["#ffffff"],"_et_post_bg_layout":["light"],"_et_pb_show_title":["on"],"_et_pb_post_hide_nav":["default"],"_et_pb_page_layout":["et_right_sidebar"],"_et_pb_side_nav":["off"],"_yoast_wpseo_content_score":["60"],"_yoast_wpseo_estimated-reading-time-minutes":["9"],"_wpml_location_migration_done":["1"],"_yoast_wpseo_focuskw":["Transavia"],"_yoast_wpseo_metadesc":["Goed nieuws voor La Palma, vanaf november hervat Transavia de rechtstreekse vluchten van Amsterdam naar Santa Cruz de la Palma."],"_yoast_wpseo_linkdex":["73"],"_yoast_wpseo_title":["Transavia_vliegt_komende_winter_weer_op_la_Palma"],"_edit_lock":["1714337753:3"],"_yoast_wpseo_wordproof_timestamp":[""],"_uag_migration_processed":["1"],"copied_media_ids":["a:13:{i:0;i:7953;i:1;i:7958;i:2;i:7963;i:3;i:7968;i:4;i:7973;i:5;i:7993;i:6;i:7998;i:7;i:7988;i:8;i:8003;i:9;i:8008;i:10;i:7983;i:11;i:8013;i:12;i:7978;}"],"referenced_media_ids":["a:0:{}"],"_uagb_previous_block_counts":["a:90:{s:21:\"uagb\/advanced-heading\";i:0;s:15:\"uagb\/blockquote\";i:0;s:12:\"uagb\/buttons\";i:0;s:18:\"uagb\/buttons-child\";i:0;s:19:\"uagb\/call-to-action\";i:0;s:15:\"uagb\/cf7-styler\";i:0;s:11:\"uagb\/column\";i:0;s:12:\"uagb\/columns\";i:0;s:14:\"uagb\/container\";i:0;s:21:\"uagb\/content-timeline\";i:0;s:27:\"uagb\/content-timeline-child\";i:0;s:14:\"uagb\/countdown\";i:0;s:12:\"uagb\/counter\";i:0;s:8:\"uagb\/faq\";i:0;s:14:\"uagb\/faq-child\";i:0;s:10:\"uagb\/forms\";i:0;s:17:\"uagb\/forms-accept\";i:0;s:19:\"uagb\/forms-checkbox\";i:0;s:15:\"uagb\/forms-date\";i:0;s:16:\"uagb\/forms-email\";i:0;s:17:\"uagb\/forms-hidden\";i:0;s:15:\"uagb\/forms-name\";i:0;s:16:\"uagb\/forms-phone\";i:0;s:16:\"uagb\/forms-radio\";i:0;s:17:\"uagb\/forms-select\";i:0;s:19:\"uagb\/forms-textarea\";i:0;s:17:\"uagb\/forms-toggle\";i:0;s:14:\"uagb\/forms-url\";i:0;s:14:\"uagb\/gf-styler\";i:0;s:15:\"uagb\/google-map\";i:0;s:11:\"uagb\/how-to\";i:0;s:16:\"uagb\/how-to-step\";i:0;s:9:\"uagb\/icon\";i:0;s:14:\"uagb\/icon-list\";i:0;s:20:\"uagb\/icon-list-child\";i:0;s:10:\"uagb\/image\";i:0;s:18:\"uagb\/image-gallery\";i:0;s:13:\"uagb\/info-box\";i:0;s:18:\"uagb\/inline-notice\";i:0;s:11:\"uagb\/lottie\";i:0;s:21:\"uagb\/marketing-button\";i:0;s:10:\"uagb\/modal\";i:0;s:18:\"uagb\/popup-builder\";i:0;s:16:\"uagb\/post-button\";i:0;s:18:\"uagb\/post-carousel\";i:0;s:17:\"uagb\/post-excerpt\";i:0;s:14:\"uagb\/post-grid\";i:0;s:15:\"uagb\/post-image\";i:0;s:17:\"uagb\/post-masonry\";i:0;s:14:\"uagb\/post-meta\";i:0;s:18:\"uagb\/post-taxonomy\";i:0;s:18:\"uagb\/post-timeline\";i:0;s:15:\"uagb\/post-title\";i:0;s:20:\"uagb\/restaurant-menu\";i:0;s:26:\"uagb\/restaurant-menu-child\";i:0;s:11:\"uagb\/review\";i:0;s:12:\"uagb\/section\";i:0;s:14:\"uagb\/separator\";i:0;s:11:\"uagb\/slider\";i:0;s:17:\"uagb\/slider-child\";i:0;s:17:\"uagb\/social-share\";i:0;s:23:\"uagb\/social-share-child\";i:0;s:16:\"uagb\/star-rating\";i:0;s:23:\"uagb\/sure-cart-checkout\";i:0;s:22:\"uagb\/sure-cart-product\";i:0;s:15:\"uagb\/sure-forms\";i:0;s:22:\"uagb\/table-of-contents\";i:0;s:9:\"uagb\/tabs\";i:0;s:15:\"uagb\/tabs-child\";i:0;s:18:\"uagb\/taxonomy-list\";i:0;s:9:\"uagb\/team\";i:0;s:16:\"uagb\/testimonial\";i:0;s:14:\"uagb\/wp-search\";i:0;s:19:\"uagb\/instagram-feed\";i:0;s:10:\"uagb\/login\";i:0;s:17:\"uagb\/loop-builder\";i:0;s:18:\"uagb\/loop-category\";i:0;s:20:\"uagb\/loop-pagination\";i:0;s:15:\"uagb\/loop-reset\";i:0;s:16:\"uagb\/loop-search\";i:0;s:14:\"uagb\/loop-sort\";i:0;s:17:\"uagb\/loop-wrapper\";i:0;s:13:\"uagb\/register\";i:0;s:19:\"uagb\/register-email\";i:0;s:24:\"uagb\/register-first-name\";i:0;s:23:\"uagb\/register-last-name\";i:0;s:22:\"uagb\/register-password\";i:0;s:30:\"uagb\/register-reenter-password\";i:0;s:19:\"uagb\/register-terms\";i:0;s:22:\"uagb\/register-username\";i:0;}"],"_uag_page_assets":["a:9:{s:3:\"css\";s:0:\"\";s:2:\"js\";s:0:\"\";s:18:\"current_block_list\";a:2:{i:0;s:14:\"core\/paragraph\";i:1;s:10:\"core\/image\";}s:8:\"uag_flag\";b:0;s:11:\"uag_version\";s:10:\"1777358229\";s:6:\"gfonts\";a:0:{}s:10:\"gfonts_url\";s:0:\"\";s:12:\"gfonts_files\";a:0:{}s:14:\"uag_faq_layout\";b:0;}"]},"uagb_featured_image_src":{"full":false,"thumbnail":false,"medium":false,"medium_large":false,"large":false,"1536x1536":false,"2048x2048":false},"uagb_author_info":{"display_name":"Marja Vermeulen","author_link":"https:\/\/lapalmita-lapalma.com\/nl\/author\/sitemanager\/"},"uagb_comment_info":8,"uagb_excerpt":"Goed nieuws voor La Palma, vanaf november hervat Transavia de rechtstreekse vluchten van Amsterdam naar Santa Cruz de la Palma. [&hellip;]","_links":{"self":[{"href":"https:\/\/lapalmita-lapalma.com\/nl\/wp-json\/wp\/v2\/posts\/7952","targetHints":{"allow":["GET"]}}],"collection":[{"href":"https:\/\/lapalmita-lapalma.com\/nl\/wp-json\/wp\/v2\/posts"}],"about":[{"href":"https:\/\/lapalmita-lapalma.com\/nl\/wp-json\/wp\/v2\/types\/post"}],"author":[{"embeddable":true,"href":"https:\/\/lapalmita-lapalma.com\/nl\/wp-json\/wp\/v2\/users\/3"}],"replies":[{"embeddable":true,"href":"https:\/\/lapalmita-lapalma.com\/nl\/wp-json\/wp\/v2\/comments?post=7952"}],"version-history":[{"count":0,"href":"https:\/\/lapalmita-lapalma.com\/nl\/wp-json\/wp\/v2\/posts\/7952\/revisions"}],"wp:attachment":[{"href":"https:\/\/lapalmita-lapalma.com\/nl\/wp-json\/wp\/v2\/media?parent=7952"}],"wp:term":[{"taxonomy":"category","embeddable":true,"href":"https:\/\/lapalmita-lapalma.com\/nl\/wp-json\/wp\/v2\/categories?post=7952"},{"taxonomy":"post_tag","embeddable":true,"href":"https:\/\/lapalmita-lapalma.com\/nl\/wp-json\/wp\/v2\/tags?post=7952"}],"curies":[{"name":"wp","href":"https:\/\/api.w.org\/{rel}","templated":true}]}}